{"id":6472,"date":"2020-07-22T10:55:17","date_gmt":"2020-07-22T14:55:17","guid":{"rendered":"http:\/\/demosite2.asurtec.com\/?p=6472"},"modified":"2020-07-22T14:47:55","modified_gmt":"2020-07-22T18:47:55","slug":"ressources-inegalites-raciales","status":"publish","type":"post","link":"https:\/\/oc.ca\/fr\/ressources-inegalites-raciales\/","title":{"rendered":"Ressources utiles pour en savoir davantage sur les in\u00e9galit\u00e9s raciales dans les arts et le secteur sans but lucratif"},"content":{"rendered":"<p>\u00c0 la fin mai, le d\u00e9c\u00e8s de George Floyd aux \u00c9tats-Unis et de Regis Korchinski-Paquet au Canada, chacun d\u2019eux aux mains de la police, a provoqu\u00e9 un mouvement international de condamnation du racisme anti-Noirs et de la brutalit\u00e9 polici\u00e8re. Au cours des mois suivants, des policiers canadiens ont aussi tu\u00e9 Chantel Moore, Rodney Levi et Ejaz Choudry, renfor\u00e7ant les appels \u00e0 l\u2019action pour traiter de la violence polici\u00e8re contre les communaut\u00e9s PANDC au Canada. On d\u00e9c\u00e8le maintenant \u00e0 l\u2019\u00e9chelle du pays un sentiment croissant d\u2019urgence dans la lutte contre le racisme syst\u00e9mique. Ces enjeux n\u2019existent pas uniquement dans le contexte de l\u2019application de la loi; la supr\u00e9matie blanche et l\u2019iniquit\u00e9 syst\u00e9mique sont r\u00e9pandues dans tous les secteurs, y compris ceux des arts et des orchestres. Nombre d\u2019int\u00e9ress\u00e9s ont produit des textes sur les arts et le secteur sans but lucratif pour expliquer ces iniquit\u00e9s et offrir leurs r\u00e9flexions sur l\u2019allure que pourrait prendre le changement \u00e0 long terme.<\/p>\n<p>Liste de lecture compil\u00e9e par Nina Jeftic, coordinatrice d&#8217;\u00e9quit\u00e9, Orchestres Canada (\u00e9t\u00e9 2020)<\/p>\n<p><a href=\"https:\/\/fr.unesco.org\/news\/il-faut-agir-contre-racisme-discriminations-entretien-webster\"><strong>Il faut agir contre le racisme et les discriminations ! Entretien avec Webster<\/strong><\/a>, juin 2020<\/p>\n<p>Webster, un artiste hip-hop de la r\u00e9gion de Qu\u00e9bec, examine pourquoi la pand\u00e9mie a sensibilis\u00e9 les gens aux probl\u00e8mes du racisme; il explique des concepts pour mieux les comprendre. Il dit qu\u2019il ne suffit pas de comprendre certains de ceux-ci et ajoute que les arts jouent un r\u00f4le essentiel dans la transmission des probl\u00e8mes sociaux. Webster se sp\u00e9cialise dans la pr\u00e9sence des Noirs et l\u2019esclavage au Qu\u00e9bec. Pour en savoir plus, visitez : <a href=\"http:\/\/www.websterls.com\/#intro\">http:\/\/www.websterls.com\/#intro<\/a><\/p>\n<p><a href=\"https:\/\/www.ledevoir.com\/societe\/580018\/le-racisme-des-autres-ne-saurait-masquer-le-notre?utm_source=infolettre-2020-06-02&amp;utm_medium=email&amp;utm_campaign=infolettre-quotidienne&amp;fbclid=IwAR07HymkkREQhgL3Iu4sX0RRgeCpv5CoNJMTg1sXyZFDOv67ROTfJdRVdN4\"><strong>Le racisme des autres ne saurait masquer le n\u00f4tre<\/strong><\/a>, St\u00e9phane Baillargeon, juin 2020<\/p>\n<p>St\u00e9phane Baillargeon affirme que le racisme aux \u00c9tats-Unis ne doit pas \u00eatre une distraction par rapport au racisme qu\u2019on trouve au Canada. Il cite Robyn Maynard qui dit\u00a0: \u00ab Quand on se compare, on cherche sciemment \u00e0 \u00e9viter l\u2019auto-examen \u00bb. Maynard explique que la pand\u00e9mie a montr\u00e9 au pays que les Noirs et les Autochtones sont plus vuln\u00e9rables; il ne faut pas demander un retour \u00e0 la normale, il faut changer le syst\u00e8me.<\/p>\n<p><a href=\"https:\/\/liguedesdroits.ca\/wp-content\/fichiers\/ldl_brochure_racisme_final_20170905.pdf\"><strong>Le racisme syst\u00e9mique\u2026 Parlons-en!<\/strong>,<\/a> Ligue de droits et libert\u00e9s<\/p>\n<p>Ce guide produit par la Ligue des droits et libert\u00e9s touche \u00e0 plusieurs th\u00e8mes importants qu\u2019on doit aborder dans une discussion du racisme syst\u00e9mique. Il offre des explications au sujet du racisme et donne le vocabulaire n\u00e9cessaire pour avoir des conversations constructives \u00e0 ce sujet. La Ligue de droits et libert\u00e9s offre beaucoup de ressources pour comprendre le racisme et la discrimination. Consultez\u00a0: <a href=\"http:\/\/liguedesdroitsqc.org\/racismeressources\/\">http:\/\/liguedesdroitsqc.org\/racismeressources\/<\/a><\/p>\n<p><a href=\"https:\/\/www.cqam.org\/wp-content\/uploads\/2019\/02\/rapport-pour-un-processus-d-equite-culturelle-racisme-systemique-dam-diversite-artistique-montreal-2018.pdf\"><strong>Pour un processus d\u2019\u00e9quit\u00e9 culturelle\u00a0: Rapport de la consultation sur le racisme syst\u00e9mique dans le milieu des arts, de la culture et des m\u00e9dias \u00e0 Montr\u00e9al<\/strong><\/a>, Diversit\u00e9 Artistiques Montr\u00e9al,2017-2018<\/p>\n<p>Ce rapport comprend les r\u00e9sultats d\u2019un an de consultation avec des personnes racis\u00e9es qui travaillent dans les arts, la culture et les m\u00e9dias. Il offre une analyse des pratiques excluantes, de leurs causes et de leurs impacts. Il inclut aussi 31 recommandations pour le milieu \u00e0 partir de 6 axes\u00a0: sensibilisation, repr\u00e9sentation, recrutement, financement, m\u00e9canismes de m\u00e9diation et d\u2019int\u00e9gration dans les arts, r\u00e9f\u00e9rences et m\u00e9canismes de recours. Pour d\u2019autres publications de DAM, visitez\u00a0: <a href=\"https:\/\/www.diversiteartistique.org\/publications\/pole-recherche\/\">https:\/\/www.diversiteartistique.org\/publications\/pole-recherche\/<\/a><\/p>\n<p><a href=\"https:\/\/briserlecode.telequebec.tv\/\"><strong>Briser le code<\/strong><\/a>, documentaire<\/p>\n<p>Le documentaire \u2018Briser le code\u2019 suit Fabrice Vil dans son explication du \u00ab\u00a0code\u00a0\u00bb existant au Qu\u00e9bec, c\u2019est-\u00e0-dire les \u00ab attitudes et comportements que les personnes racis\u00e9es et autochtones doivent utiliser pour se fondre dans la majorit\u00e9 sans d\u00e9ranger \u00bb. En conversation avec plusieurs autres, Vil prouve que le racisme existe toujours au Qu\u00e9bec et les gens doivent encore se masquer derri\u00e8re \u00ab\u00a0le code\u00a0\u00bb.<\/p>\n<p><a href=\"https:\/\/www.cqam.org\/wp-content\/uploads\/2019\/02\/CALQ_planactiondiversite20162019.pdf\"><strong>Plan d\u2019action pour la diversit\u00e9 culturelle 2016-2019<\/strong><\/a>, Conseil des arts et des lettres du Qu\u00e9bec<\/p>\n<p>Le plan d\u2019action pour la diversit\u00e9 culturelle du CALQ identifie des objectifs importants pour mieux soutenir les artistes et les organisations dans leurs efforts en vue d\u2019am\u00e9liorer la diversit\u00e9 culturelle. Il y a trois cat\u00e9gories d\u2019objectifs, dont chacun est associ\u00e9 \u00e0 plusieurs actions visant \u00e0 l\u2019atteindre.<\/p>\n<p><a href=\"https:\/\/www.artsmontreal.org\/media\/conseil\/publications\/cam.memoire.racisme.discrimination.pdf\"><strong>Racisme et discrimination syst\u00e9miques dans les arts<\/strong><\/a> Analyse et r\u00e9flexions sur le parcours du Conseil des arts de Montr\u00e9al, produit par Daisy Boustany, octobre 2019<\/p>\n<p>Ce m\u00e9moire, produit par Daisy Boustany, rend compte de l\u2019analyse entreprise par le Conseil des arts de Montr\u00e9al pour aborder les probl\u00e8mes complexes du racisme et de la discrimination syst\u00e9miques qui se trouvent dans le milieu artistique \u00e0 Montr\u00e9al et au Qu\u00e9bec. La posture, l\u2019\u00e9quit\u00e9 et le financement responsable et \u00e9quitable sont trois disciplines sur lesquelles le CAM s\u2019appuiera pour concevoir ses prochaines \u00e9tapes.<\/p>\n<p><a href=\"https:\/\/culturemontreal.ca\/app\/uploads\/2019\/11\/Memoire-CM-Racisme-et-discimination-syst%C3%A9miques-Octobre-2019_F_.pdf\"><strong>M\u00e9moire- Consultation publique sur le racisme et la discrimination syst\u00e9miques<\/strong><\/a>, Culture Montr\u00e9al, octobre 2019<\/p>\n<p>Ce m\u00e9moire est le r\u00e9sultat d\u2019une consultation publique sur le racisme et la discrimination syst\u00e9miques. Il pr\u00e9sente le contexte de la consultation, les constats et le fonctionnement des institutions culturelles municipales, en plus d\u2019inclure des recommandations. Culture Montr\u00e9al reconna\u00eet qu\u2019il reste encore un travail consid\u00e9rable \u00e0 faire pour corriger les obstacles syst\u00e9miques et cr\u00e9er plus de ressources pour les cr\u00e9ateurs issus de la diversit\u00e9.<\/p>\n<p>&nbsp;<\/p>\n","protected":false},"excerpt":{"rendered":"<p>\u00c0 la fin mai, le d\u00e9c\u00e8s de George Floyd aux \u00c9tats-Unis et de Regis Korchinski-Paquet au Canada, chacun d\u2019eux aux mains de la police, a provoqu\u00e9 un mouvement international de condamnation du racisme anti-Noirs et de la brutalit\u00e9 polici\u00e8re. Au cours des mois suivants, des policiers canadiens ont aussi tu\u00e9 Chantel Moore, Rodney Levi et [&hellip;]<\/p>\n","protected":false},"author":10,"featured_media":0,"comment_status":"closed","ping_status":"closed","sticky":false,"template":"","format":"standard","meta":{"_acf_changed":false,"_monsterinsights_skip_tracking":false,"_monsterinsights_sitenote_active":false,"_monsterinsights_sitenote_note":"","_monsterinsights_sitenote_category":0,"footnotes":""},"categories":[231,349],"tags":[],"class_list":["post-6472","post","type-post","status-publish","format-standard","hentry","category-blogue","category-inclusion-diversite-equite-et-accessibilite"],"acf":[],"yoast_head":"<!-- This site is optimized with the Yoast SEO plugin v27.3 - https:\/\/yoast.com\/product\/yoast-seo-wordpress\/ -->\n<title>Ressources utiles pour en savoir davantage sur les in\u00e9galit\u00e9s raciales dans les arts et le secteur sans but lucratif - Orchestras Canada\/Orchestres Canada<\/title>\n<meta name=\"robots\" content=\"index, follow, max-snippet:-1, max-image-preview:large, max-video-preview:-1\" \/>\n<link rel=\"canonical\" href=\"https:\/\/oc.ca\/fr\/ressources-inegalites-raciales\/\" \/>\n<meta property=\"og:locale\" content=\"fr_FR\" \/>\n<meta property=\"og:type\" content=\"article\" \/>\n<meta property=\"og:title\" content=\"Ressources utiles pour en savoir davantage sur les in\u00e9galit\u00e9s raciales dans les arts et le secteur sans but lucratif - Orchestras Canada\/Orchestres Canada\" \/>\n<meta property=\"og:description\" content=\"\u00c0 la fin mai, le d\u00e9c\u00e8s de George Floyd aux \u00c9tats-Unis et de Regis Korchinski-Paquet au Canada, chacun d\u2019eux aux mains de la police, a provoqu\u00e9 un mouvement international de condamnation du racisme anti-Noirs et de la brutalit\u00e9 polici\u00e8re. Au cours des mois suivants, des policiers canadiens ont aussi tu\u00e9 Chantel Moore, Rodney Levi et [&hellip;]\" \/>\n<meta property=\"og:url\" content=\"https:\/\/oc.ca\/fr\/ressources-inegalites-raciales\/\" \/>\n<meta property=\"og:site_name\" content=\"Orchestras Canada\/Orchestres Canada\" \/>\n<meta property=\"article:published_time\" content=\"2020-07-22T14:55:17+00:00\" \/>\n<meta property=\"article:modified_time\" content=\"2020-07-22T18:47:55+00:00\" \/>\n<meta name=\"author\" content=\"Boran Zaza\" \/>\n<meta name=\"twitter:card\" content=\"summary_large_image\" \/>\n<meta name=\"twitter:label1\" content=\"\u00c9crit par\" \/>\n\t<meta name=\"twitter:data1\" content=\"Boran Zaza\" \/>\n\t<meta name=\"twitter:label2\" content=\"Dur\u00e9e de lecture estim\u00e9e\" \/>\n\t<meta name=\"twitter:data2\" content=\"5 minutes\" \/>\n<script type=\"application\/ld+json\" class=\"yoast-schema-graph\">{\"@context\":\"https:\\\/\\\/schema.org\",\"@graph\":[{\"@type\":\"Article\",\"@id\":\"https:\\\/\\\/oc.ca\\\/fr\\\/ressources-inegalites-raciales\\\/#article\",\"isPartOf\":{\"@id\":\"https:\\\/\\\/oc.ca\\\/fr\\\/ressources-inegalites-raciales\\\/\"},\"author\":{\"name\":\"Boran Zaza\",\"@id\":\"https:\\\/\\\/oc.ca\\\/en\\\/#\\\/schema\\\/person\\\/7796a50335e35c17d46b21fce90bda6a\"},\"headline\":\"Ressources utiles pour en savoir davantage sur les in\u00e9galit\u00e9s raciales dans les arts et le secteur sans but lucratif\",\"datePublished\":\"2020-07-22T14:55:17+00:00\",\"dateModified\":\"2020-07-22T18:47:55+00:00\",\"mainEntityOfPage\":{\"@id\":\"https:\\\/\\\/oc.ca\\\/fr\\\/ressources-inegalites-raciales\\\/\"},\"wordCount\":940,\"publisher\":{\"@id\":\"https:\\\/\\\/oc.ca\\\/en\\\/#organization\"},\"articleSection\":[\"Blogue\",\"L'inclusion, la diversit\u00e9, l'\u00e9quit\u00e9 et l'accessibilit\u00e9\"],\"inLanguage\":\"fr-FR\"},{\"@type\":\"WebPage\",\"@id\":\"https:\\\/\\\/oc.ca\\\/fr\\\/ressources-inegalites-raciales\\\/\",\"url\":\"https:\\\/\\\/oc.ca\\\/fr\\\/ressources-inegalites-raciales\\\/\",\"name\":\"Ressources utiles pour en savoir davantage sur les in\u00e9galit\u00e9s raciales dans les arts et le secteur sans but lucratif - Orchestras Canada\\\/Orchestres Canada\",\"isPartOf\":{\"@id\":\"https:\\\/\\\/oc.ca\\\/en\\\/#website\"},\"datePublished\":\"2020-07-22T14:55:17+00:00\",\"dateModified\":\"2020-07-22T18:47:55+00:00\",\"breadcrumb\":{\"@id\":\"https:\\\/\\\/oc.ca\\\/fr\\\/ressources-inegalites-raciales\\\/#breadcrumb\"},\"inLanguage\":\"fr-FR\",\"potentialAction\":[{\"@type\":\"ReadAction\",\"target\":[\"https:\\\/\\\/oc.ca\\\/fr\\\/ressources-inegalites-raciales\\\/\"]}]},{\"@type\":\"BreadcrumbList\",\"@id\":\"https:\\\/\\\/oc.ca\\\/fr\\\/ressources-inegalites-raciales\\\/#breadcrumb\",\"itemListElement\":[{\"@type\":\"ListItem\",\"position\":1,\"name\":\"Home\",\"item\":\"https:\\\/\\\/oc.ca\\\/fr\\\/\"},{\"@type\":\"ListItem\",\"position\":2,\"name\":\"Ressources utiles pour en savoir davantage sur les in\u00e9galit\u00e9s raciales dans les arts et le secteur sans but lucratif\"}]},{\"@type\":\"WebSite\",\"@id\":\"https:\\\/\\\/oc.ca\\\/en\\\/#website\",\"url\":\"https:\\\/\\\/oc.ca\\\/en\\\/\",\"name\":\"Orchestras Canada\\\/Orchestres Canada\",\"description\":\"\",\"publisher\":{\"@id\":\"https:\\\/\\\/oc.ca\\\/en\\\/#organization\"},\"potentialAction\":[{\"@type\":\"SearchAction\",\"target\":{\"@type\":\"EntryPoint\",\"urlTemplate\":\"https:\\\/\\\/oc.ca\\\/en\\\/?s={search_term_string}\"},\"query-input\":{\"@type\":\"PropertyValueSpecification\",\"valueRequired\":true,\"valueName\":\"search_term_string\"}}],\"inLanguage\":\"fr-FR\"},{\"@type\":\"Organization\",\"@id\":\"https:\\\/\\\/oc.ca\\\/en\\\/#organization\",\"name\":\"Orchestras Canada\\\/Orchestres Canada\",\"url\":\"https:\\\/\\\/oc.ca\\\/en\\\/\",\"logo\":{\"@type\":\"ImageObject\",\"inLanguage\":\"fr-FR\",\"@id\":\"https:\\\/\\\/oc.ca\\\/en\\\/#\\\/schema\\\/logo\\\/image\\\/\",\"url\":\"https:\\\/\\\/oc.ca\\\/wp-content\\\/uploads\\\/2019\\\/03\\\/cropped-OC-Logo-800x200-1.png\",\"contentUrl\":\"https:\\\/\\\/oc.ca\\\/wp-content\\\/uploads\\\/2019\\\/03\\\/cropped-OC-Logo-800x200-1.png\",\"width\":400,\"height\":100,\"caption\":\"Orchestras Canada\\\/Orchestres Canada\"},\"image\":{\"@id\":\"https:\\\/\\\/oc.ca\\\/en\\\/#\\\/schema\\\/logo\\\/image\\\/\"}},{\"@type\":\"Person\",\"@id\":\"https:\\\/\\\/oc.ca\\\/en\\\/#\\\/schema\\\/person\\\/7796a50335e35c17d46b21fce90bda6a\",\"name\":\"Boran Zaza\",\"image\":{\"@type\":\"ImageObject\",\"inLanguage\":\"fr-FR\",\"@id\":\"https:\\\/\\\/secure.gravatar.com\\\/avatar\\\/56b5fa935f2a6deb56743eedfecce8f25a520084588141457887d2c9648c9c08?s=96&d=mm&r=g\",\"url\":\"https:\\\/\\\/secure.gravatar.com\\\/avatar\\\/56b5fa935f2a6deb56743eedfecce8f25a520084588141457887d2c9648c9c08?s=96&d=mm&r=g\",\"contentUrl\":\"https:\\\/\\\/secure.gravatar.com\\\/avatar\\\/56b5fa935f2a6deb56743eedfecce8f25a520084588141457887d2c9648c9c08?s=96&d=mm&r=g\",\"caption\":\"Boran Zaza\"},\"url\":\"https:\\\/\\\/oc.ca\\\/fr\\\/author\\\/boranzaza\\\/\"}]}<\/script>\n<!-- \/ Yoast SEO plugin. -->","yoast_head_json":{"title":"Ressources utiles pour en savoir davantage sur les in\u00e9galit\u00e9s raciales dans les arts et le secteur sans but lucratif - Orchestras Canada\/Orchestres Canada","robots":{"index":"index","follow":"follow","max-snippet":"max-snippet:-1","max-image-preview":"max-image-preview:large","max-video-preview":"max-video-preview:-1"},"canonical":"https:\/\/oc.ca\/fr\/ressources-inegalites-raciales\/","og_locale":"fr_FR","og_type":"article","og_title":"Ressources utiles pour en savoir davantage sur les in\u00e9galit\u00e9s raciales dans les arts et le secteur sans but lucratif - Orchestras Canada\/Orchestres Canada","og_description":"\u00c0 la fin mai, le d\u00e9c\u00e8s de George Floyd aux \u00c9tats-Unis et de Regis Korchinski-Paquet au Canada, chacun d\u2019eux aux mains de la police, a provoqu\u00e9 un mouvement international de condamnation du racisme anti-Noirs et de la brutalit\u00e9 polici\u00e8re. Au cours des mois suivants, des policiers canadiens ont aussi tu\u00e9 Chantel Moore, Rodney Levi et [&hellip;]","og_url":"https:\/\/oc.ca\/fr\/ressources-inegalites-raciales\/","og_site_name":"Orchestras Canada\/Orchestres Canada","article_published_time":"2020-07-22T14:55:17+00:00","article_modified_time":"2020-07-22T18:47:55+00:00","author":"Boran Zaza","twitter_card":"summary_large_image","twitter_misc":{"\u00c9crit par":"Boran Zaza","Dur\u00e9e de lecture estim\u00e9e":"5 minutes"},"schema":{"@context":"https:\/\/schema.org","@graph":[{"@type":"Article","@id":"https:\/\/oc.ca\/fr\/ressources-inegalites-raciales\/#article","isPartOf":{"@id":"https:\/\/oc.ca\/fr\/ressources-inegalites-raciales\/"},"author":{"name":"Boran Zaza","@id":"https:\/\/oc.ca\/en\/#\/schema\/person\/7796a50335e35c17d46b21fce90bda6a"},"headline":"Ressources utiles pour en savoir davantage sur les in\u00e9galit\u00e9s raciales dans les arts et le secteur sans but lucratif","datePublished":"2020-07-22T14:55:17+00:00","dateModified":"2020-07-22T18:47:55+00:00","mainEntityOfPage":{"@id":"https:\/\/oc.ca\/fr\/ressources-inegalites-raciales\/"},"wordCount":940,"publisher":{"@id":"https:\/\/oc.ca\/en\/#organization"},"articleSection":["Blogue","L'inclusion, la diversit\u00e9, l'\u00e9quit\u00e9 et l'accessibilit\u00e9"],"inLanguage":"fr-FR"},{"@type":"WebPage","@id":"https:\/\/oc.ca\/fr\/ressources-inegalites-raciales\/","url":"https:\/\/oc.ca\/fr\/ressources-inegalites-raciales\/","name":"Ressources utiles pour en savoir davantage sur les in\u00e9galit\u00e9s raciales dans les arts et le secteur sans but lucratif - Orchestras Canada\/Orchestres Canada","isPartOf":{"@id":"https:\/\/oc.ca\/en\/#website"},"datePublished":"2020-07-22T14:55:17+00:00","dateModified":"2020-07-22T18:47:55+00:00","breadcrumb":{"@id":"https:\/\/oc.ca\/fr\/ressources-inegalites-raciales\/#breadcrumb"},"inLanguage":"fr-FR","potentialAction":[{"@type":"ReadAction","target":["https:\/\/oc.ca\/fr\/ressources-inegalites-raciales\/"]}]},{"@type":"BreadcrumbList","@id":"https:\/\/oc.ca\/fr\/ressources-inegalites-raciales\/#breadcrumb","itemListElement":[{"@type":"ListItem","position":1,"name":"Home","item":"https:\/\/oc.ca\/fr\/"},{"@type":"ListItem","position":2,"name":"Ressources utiles pour en savoir davantage sur les in\u00e9galit\u00e9s raciales dans les arts et le secteur sans but lucratif"}]},{"@type":"WebSite","@id":"https:\/\/oc.ca\/en\/#website","url":"https:\/\/oc.ca\/en\/","name":"Orchestras Canada\/Orchestres Canada","description":"","publisher":{"@id":"https:\/\/oc.ca\/en\/#organization"},"potentialAction":[{"@type":"SearchAction","target":{"@type":"EntryPoint","urlTemplate":"https:\/\/oc.ca\/en\/?s={search_term_string}"},"query-input":{"@type":"PropertyValueSpecification","valueRequired":true,"valueName":"search_term_string"}}],"inLanguage":"fr-FR"},{"@type":"Organization","@id":"https:\/\/oc.ca\/en\/#organization","name":"Orchestras Canada\/Orchestres Canada","url":"https:\/\/oc.ca\/en\/","logo":{"@type":"ImageObject","inLanguage":"fr-FR","@id":"https:\/\/oc.ca\/en\/#\/schema\/logo\/image\/","url":"https:\/\/oc.ca\/wp-content\/uploads\/2019\/03\/cropped-OC-Logo-800x200-1.png","contentUrl":"https:\/\/oc.ca\/wp-content\/uploads\/2019\/03\/cropped-OC-Logo-800x200-1.png","width":400,"height":100,"caption":"Orchestras Canada\/Orchestres Canada"},"image":{"@id":"https:\/\/oc.ca\/en\/#\/schema\/logo\/image\/"}},{"@type":"Person","@id":"https:\/\/oc.ca\/en\/#\/schema\/person\/7796a50335e35c17d46b21fce90bda6a","name":"Boran Zaza","image":{"@type":"ImageObject","inLanguage":"fr-FR","@id":"https:\/\/secure.gravatar.com\/avatar\/56b5fa935f2a6deb56743eedfecce8f25a520084588141457887d2c9648c9c08?s=96&d=mm&r=g","url":"https:\/\/secure.gravatar.com\/avatar\/56b5fa935f2a6deb56743eedfecce8f25a520084588141457887d2c9648c9c08?s=96&d=mm&r=g","contentUrl":"https:\/\/secure.gravatar.com\/avatar\/56b5fa935f2a6deb56743eedfecce8f25a520084588141457887d2c9648c9c08?s=96&d=mm&r=g","caption":"Boran Zaza"},"url":"https:\/\/oc.ca\/fr\/author\/boranzaza\/"}]}},"_links":{"self":[{"href":"https:\/\/oc.ca\/fr\/wp-json\/wp\/v2\/posts\/6472","targetHints":{"allow":["GET"]}}],"collection":[{"href":"https:\/\/oc.ca\/fr\/wp-json\/wp\/v2\/posts"}],"about":[{"href":"https:\/\/oc.ca\/fr\/wp-json\/wp\/v2\/types\/post"}],"author":[{"embeddable":true,"href":"https:\/\/oc.ca\/fr\/wp-json\/wp\/v2\/users\/10"}],"replies":[{"embeddable":true,"href":"https:\/\/oc.ca\/fr\/wp-json\/wp\/v2\/comments?post=6472"}],"version-history":[{"count":3,"href":"https:\/\/oc.ca\/fr\/wp-json\/wp\/v2\/posts\/6472\/revisions"}],"predecessor-version":[{"id":6476,"href":"https:\/\/oc.ca\/fr\/wp-json\/wp\/v2\/posts\/6472\/revisions\/6476"}],"wp:attachment":[{"href":"https:\/\/oc.ca\/fr\/wp-json\/wp\/v2\/media?parent=6472"}],"wp:term":[{"taxonomy":"category","embeddable":true,"href":"https:\/\/oc.ca\/fr\/wp-json\/wp\/v2\/categories?post=6472"},{"taxonomy":"post_tag","embeddable":true,"href":"https:\/\/oc.ca\/fr\/wp-json\/wp\/v2\/tags?post=6472"}],"curies":[{"name":"wp","href":"https:\/\/api.w.org\/{rel}","templated":true}]}}