{"id":5459,"date":"2020-01-13T14:34:46","date_gmt":"2020-01-13T19:34:46","guid":{"rendered":"http:\/\/demosite2.asurtec.com\/?p=5459"},"modified":"2020-01-13T15:28:34","modified_gmt":"2020-01-13T20:28:34","slug":"chaakapesh","status":"publish","type":"post","link":"https:\/\/oc.ca\/fr\/chaakapesh\/","title":{"rendered":"Chaakapesh: collaborations, langues et voix"},"content":{"rendered":"<figure id=\"attachment_5444\" aria-describedby=\"caption-attachment-5444\" style=\"width: 360px\" class=\"wp-caption alignright\"><img fetchpriority=\"high\" decoding=\"async\" class=\"wp-image-5444\" src=\"https:\/\/oc.ca\/wp-content\/uploads\/2020\/01\/OSM-in-concert-750x500-1-300x200.jpg\" alt=\"OSM musicians performing a concert\" width=\"360\" height=\"240\" srcset=\"https:\/\/oc.ca\/wp-content\/uploads\/2020\/01\/OSM-in-concert-750x500-1-300x200.jpg 300w, https:\/\/oc.ca\/wp-content\/uploads\/2020\/01\/OSM-in-concert-750x500-1.jpg 750w\" sizes=\"(min-width: 960px) 75vw, 100vw\" \/><figcaption id=\"caption-attachment-5444\" class=\"wp-caption-text\">Cr\u00e9dit photo : Jean-Marc Abella<\/figcaption><\/figure>\n<p>En septembre 2018, l\u2019Orchestre symphonique de Montr\u00e9al (OSM) et son directeur artistique, Kent Nagano, ont effectu\u00e9 une tourn\u00e9e dans les communaut\u00e9s autochtones du Grand Nord qu\u00e9b\u00e9cois. L\u2019\u0153uvre vedette de cette tourn\u00e9e \u00e9tait un nouvel op\u00e9ra de chambre intitul\u00e9 <em>Chaakapesh<\/em><em>, le p\u00e9riple du fripon.<\/em><\/p>\n<p>L\u2019op\u00e9ra raconte l\u2019histoire de Chaakapesh, un fripon qui se met en t\u00eate d\u2019arr\u00eater le massacre des siens par les colonisateurs blancs en enseignant \u00e0 ces derniers comment rire. L\u2019OSM a retenu les services du renomm\u00e9 dramaturge cri Tomson Highway pour \u00e9crire le livret et de Matthew Ricketts, un jeune Canadien vivant \u00e0 New York, comme compositeur. L\u2019\u0153uvre met en sc\u00e8ne des narrateurs qui narrent l\u2019histoire dans une des cinq langues utilis\u00e9es (cri, innu, Inuktitut, fran\u00e7ais ou anglais, selon le lieu de la repr\u00e9sentation) et deux chanteurs qui racontent cette histoire du fondateur du peuple innu. Financ\u00e9e en partie gr\u00e2ce \u00e0 une subvention Nouveau chapitre du Conseil des arts du Canada, la collaboration a pris naissance au cours de discussions en 2016, pour aboutir, deux ans plus tard, \u00e0 la tourn\u00e9e. En tout, 45 musiciens de l\u2019OSM ont particip\u00e9 \u00e0 celle-ci, qui repr\u00e9sentait la premi\u00e8re visite en dix ans de l\u2019OSM au Nunavik et sa toute premi\u00e8re en territoire cri et innu.<\/p>\n<p>Les cin\u00e9astes Roger Frappier et Justin Kingsley ont cr\u00e9\u00e9 un documentaire, aussi intitul\u00e9 <em>Chaakapesh,<\/em> sur les nombreuses collaborations que ce projet a suscit\u00e9es. Ce documentaire, dont la premi\u00e8re a eu lieu \u00e0 Montr\u00e9al en d\u00e9cembre 2019, inclut de longues s\u00e9quences sur les repr\u00e9sentations, les r\u00e9p\u00e9titions et des entrevues avec des participants au projet, y compris les membres de l\u2019\u00e9quipe de cr\u00e9ation, dont maestro Nagano, les narrateurs et chanteurs qui ont ex\u00e9cut\u00e9 l\u2019\u0153uvre, ainsi que les musiciens et membres du personnel de l\u2019OSM.<\/p>\n<h3 style=\"text-align: left;\">Voix autochtones, interpr\u00e8tes autochtones<\/h3>\n<p style=\"text-align: center;\"><em>\u00ab Partager et d\u00e9pouiller ne sont pas la m\u00eame chose \u00bb<\/em><\/p>\n<figure id=\"attachment_5438\" aria-describedby=\"caption-attachment-5438\" style=\"width: 360px\" class=\"wp-caption alignright\"><img decoding=\"async\" class=\"wp-image-5438\" src=\"https:\/\/oc.ca\/wp-content\/uploads\/2020\/01\/Traditional-tambour-as-OSM-looks-on-750x500-1-300x200.jpg\" alt=\"Inuktitut performer playing the traditional drum\" width=\"360\" height=\"240\" srcset=\"https:\/\/oc.ca\/wp-content\/uploads\/2020\/01\/Traditional-tambour-as-OSM-looks-on-750x500-1-300x200.jpg 300w, https:\/\/oc.ca\/wp-content\/uploads\/2020\/01\/Traditional-tambour-as-OSM-looks-on-750x500-1.jpg 750w\" sizes=\"(min-width: 960px) 75vw, 100vw\" \/><figcaption id=\"caption-attachment-5438\" class=\"wp-caption-text\">Cr\u00e9dit photo : Jean-Marc Abella<\/figcaption><\/figure>\n<p><em>C<\/em><em>haakapesh<\/em> accorde beaucoup d\u2019espace aux voix et interpr\u00e8tes autochtones. Comme l\u2019op\u00e9ra est produit en cinq langues, il fallait recourir \u00e0 diff\u00e9rents narrateurs pour chaque repr\u00e9sentation. Dans le documentaire, chaque narrateur autochtone donne une longue entrevue pour d\u00e9crire en profondeur ses exp\u00e9riences comme artiste et comme personne, tant \u00e0 l\u2019int\u00e9rieur qu\u2019\u00e0 l\u2019ext\u00e9rieur de cette collaboration particuli\u00e8re.<\/p>\n<p>On y voit aussi des membres de la communaut\u00e9 autochtone, durant le processus de cr\u00e9ation et de r\u00e9p\u00e9tition, qui participent \u00e0 des conversations et qui prennent des d\u00e9cisions sur le plan cr\u00e9atif. L\u2019aspect de collaboration du projet se poursuit \u00e9galement durant la tourn\u00e9e comme telle ; on peut en effet voir divers interpr\u00e8tes autochtones sur sc\u00e8ne, y compris un \u00e9tudiant local avanc\u00e9 en violoncelle qui joue une suite de Bach, un violoneux traditionnel et des interpr\u00e8tes de chant guttural. Leurs prestations \u00e9taient int\u00e9gr\u00e9es \u00e0 l\u2019op\u00e9ra et diff\u00e9raient \u00e0 chaque repr\u00e9sentation selon les musiciens auxquels l\u2019OSM avait acc\u00e8s dans chaque communaut\u00e9. Comme dit le narrateur cri Ernest Webb, \u00ab\u00a0Partager et d\u00e9pouiller ne sont pas la m\u00eame chose\u00a0\u00bb. Dans <em>Chaakapesh<\/em>, on voit l\u2019OSM partager la sc\u00e8ne avec des interpr\u00e8tes autochtones et le processus de r\u00e9p\u00e9tition avec des artistes autochtones.<\/p>\n<h3 style=\"text-align: left;\">Histoires et langues<\/h3>\n<p style=\"text-align: center;\">\u00ab Pour que nos enfants h\u00e9ritent d\u2019autre chose que le pr\u00e9jug\u00e9 \u00bb<\/p>\n<figure id=\"attachment_5440\" aria-describedby=\"caption-attachment-5440\" style=\"width: 360px\" class=\"wp-caption alignright\"><img decoding=\"async\" class=\"wp-image-5440\" src=\"https:\/\/oc.ca\/wp-content\/uploads\/2020\/01\/Child-conducting-string-quartet-750x500-1-300x200.jpg\" alt=\"Young child conducts a string quartet of OSM musicians\" width=\"360\" height=\"240\" srcset=\"https:\/\/oc.ca\/wp-content\/uploads\/2020\/01\/Child-conducting-string-quartet-750x500-1-300x200.jpg 300w, https:\/\/oc.ca\/wp-content\/uploads\/2020\/01\/Child-conducting-string-quartet-750x500-1.jpg 750w\" sizes=\"(min-width: 960px) 75vw, 100vw\" \/><figcaption id=\"caption-attachment-5440\" class=\"wp-caption-text\">Cr\u00e9dit photo : Jean-Marc Abella<\/figcaption><\/figure>\n<p>Les entrevues incluses dans le documentaire comportent un \u00e9l\u00e9ment important de narration. Le narrateur innu Florent Vollant raconte comment, \u00e0 l\u2019\u00e2ge de seulement cinq ans, il a \u00e9t\u00e9 enlev\u00e9 de son foyer au Labrador et amen\u00e9 \u00e0 un pensionnat. La narratrice inuktitute Akinisie Sivuarapik nous rappelle que la tuberculose s\u00e9vit encore dans certaines communaut\u00e9s autochtones. Malgr\u00e9 l\u2019espoir qu\u2019on sent dans <em>Chaakapesh<\/em>, le film nous rappelle \u00e9galement que ces traumatismes ne constituent pas des probl\u00e8mes du pass\u00e9, mais sont des pr\u00e9occupations toujours bien pr\u00e9sentes.<\/p>\n<p>La langue occupe une place d\u2019honneur dans l\u2019op\u00e9ra et le documentaire, comme en t\u00e9moigne le fait que l\u2019op\u00e9ra est pr\u00e9sent\u00e9 dans au moins trois langues autochtones. On ne peut non plus sous-estimer l\u2019aspect g\u00e9ographique de ce projet\u00a0: dans une province o\u00f9 la lutte entre le fran\u00e7ais et l\u2019anglais est parfois tant ressentie et politis\u00e9e, il est facile d\u2019oublier que plusieurs langues existaient d\u00e9j\u00e0 ici avant l\u2019une ou l\u2019autre des langues officielles du Canada.<\/p>\n<h3 style=\"text-align: left;\">Et maintenant?<\/h3>\n<p>Ce projet repr\u00e9sente une \u00e9tape importante dans l\u2019\u00e9volution des partenariats de collaboration entre les organismes artistiques et les communaut\u00e9s autochtones. La collaboration a \u00e9t\u00e9 \u00e9norme, r\u00e9ussie et tr\u00e8s publique, mais l\u2019\u00e9preuve d\u00e9cisive de ce genre de d\u00e9marche r\u00e9side dans la sorte de partenariats <strong><em>permanents <\/em><\/strong>que ces groupes peuvent cr\u00e9er. Un financement soutenu s\u2019impose pour aider les orchestres et autres organismes artistiques \u00e0 forger des partenariats authentiques et permanents qui seront salutaires pour les communaut\u00e9s autochtones et leur permettront de c\u00e9l\u00e9brer leurs propres formes d\u2019art, exp\u00e9riences culturelles et traditions.<\/p>\n<figure id=\"attachment_5442\" aria-describedby=\"caption-attachment-5442\" style=\"width: 360px\" class=\"wp-caption alignright\"><img loading=\"lazy\" decoding=\"async\" class=\"wp-image-5442\" src=\"https:\/\/oc.ca\/wp-content\/uploads\/2020\/01\/Makusham-750x500-1-300x200.jpg\" alt=\"Indigenous and OSM musicians performing a concert\" width=\"360\" height=\"240\" srcset=\"https:\/\/oc.ca\/wp-content\/uploads\/2020\/01\/Makusham-750x500-1-300x200.jpg 300w, https:\/\/oc.ca\/wp-content\/uploads\/2020\/01\/Makusham-750x500-1.jpg 750w\" sizes=\"(min-width: 960px) 75vw, 100vw\" \/><figcaption id=\"caption-attachment-5442\" class=\"wp-caption-text\">Cr\u00e9dit photo : Antoine Saito<\/figcaption><\/figure>\n<p>Ce projet s\u2019est aussi r\u00e9v\u00e9l\u00e9 transformateur pour l\u2019OSM. \u00ab Ce projet a marqu\u00e9 un tournant pour l\u2019OSM et sa collaboration avec des artistes et communaut\u00e9s autochtones, affirme le chef des Projets sp\u00e9ciaux artistiques, Marc Wieser. Toute relation authentique est bas\u00e9e sur la confiance, et <em>Chaakapesh<\/em> a \u00e9t\u00e9 un catalyseur qui nous a permis de b\u00e2tir des relations avec un r\u00e9seau croissant d\u2019artistes autochtones de Montr\u00e9al et du Qu\u00e9bec. Comme organisme, nous avons d\u00e9couvert l\u2019importance d\u2019assumer un risque et de sortir de notre zone de confort. Nous avons depuis lors collabor\u00e9 avec plusieurs des m\u00eames artistes, entre autres, et constat\u00e9 que nous pouvions nous concentrer tout de suite sur la musique puisque nous avions d\u00e9j\u00e0 jet\u00e9 les bases d\u2019une confiance mutuelle. \u00c0 l\u2019\u00e9t\u00e9 2019, nous avons produit le concert <a href=\"https:\/\/www.osm.ca\/fr\/makusham-quand-le-reve-devient-partage\/\">Makusham<\/a>, pour lequel trois musiciens de l\u2019OSM se sont associ\u00e9s \u00e0 des compositeurs interpr\u00e8tes autochtones et un arrangeur afin de collaborer \u00e0 la cr\u00e9ation d\u2019un concert o\u00f9 les musiciens autochtones prenaient les devants. Couronn\u00e9 de succ\u00e8s, le concert aurait \u00e9t\u00e9 impossible sans tout le d\u00e9frichage effectu\u00e9 pour <em>Chaakapesh<\/em>. Nous avons d\u00e9sormais l\u2019impression d\u2019\u00eatre accueillis et respect\u00e9s par de nombreuses communaut\u00e9s autochtones et d\u2019avoir l\u2019occasion de faire fond sur notre exp\u00e9rience et de poursuivre nos collaborations.\u00a0\u00bb<\/p>\n<p>Nous ne pr\u00e9tendons pas que <em>Chaakapesh<\/em> offre toutes les solutions en mati\u00e8re de r\u00e9conciliation entre la communaut\u00e9 autochtone et celle des colonisateurs. Comme Florent Vollant le mentionne durant son entrevue, il faudra plusieurs g\u00e9n\u00e9rations de travail acharn\u00e9, des partenariats soutenus et une collaboration r\u00e9fl\u00e9chie pour faire avancer ces conversations. Ceci est une \u00e9tape importante.<\/p>\n<p><em>Les <\/em><a href=\"https:\/\/www.osm.ca\/fr\/chaakapesh-le-documentaire\/\"><em>prochaines pr\u00e9sentations<\/em><\/a><em> et de <\/em><a href=\"https:\/\/www.osm.ca\/fr\/tournee-nord-du-quebec-et-nunavik\/\"><em>courts extraits du documentaire Chaakapesh<\/em><\/a><em> sont disponibles sur le site de l&#8217;OSM.<\/em><\/p>\n<p><em>L&#8217;op\u00e9ra\u00a0Chaakapesh\u00a0sera pr\u00e9sent\u00e9 encore dans le cadre de la Vir\u00e9e classique de l&#8217;OSM\u00a0en\u00a0ao\u00fbt\u00a02020. Billets en vente \u00e0 partir de f\u00e9vrier.<\/em><\/p>\n","protected":false},"excerpt":{"rendered":"<p>En septembre 2018, l\u2019Orchestre symphonique de Montr\u00e9al (OSM) et son directeur artistique, Kent Nagano, ont effectu\u00e9 une tourn\u00e9e dans les communaut\u00e9s autochtones du Grand Nord qu\u00e9b\u00e9cois. L\u2019\u0153uvre vedette de cette tourn\u00e9e \u00e9tait un nouvel op\u00e9ra de chambre intitul\u00e9 Chaakapesh, le p\u00e9riple du fripon. L\u2019op\u00e9ra raconte l\u2019histoire de Chaakapesh, un fripon qui se met en t\u00eate [&hellip;]<\/p>\n","protected":false},"author":10,"featured_media":0,"comment_status":"closed","ping_status":"closed","sticky":false,"template":"","format":"standard","meta":{"_acf_changed":false,"_monsterinsights_skip_tracking":false,"_monsterinsights_sitenote_active":false,"_monsterinsights_sitenote_note":"","_monsterinsights_sitenote_category":0,"footnotes":""},"categories":[315],"tags":[471,478,474,479,477],"class_list":["post-5459","post","type-post","status-publish","format-standard","hentry","category-pleins-feux-membres-fr","tag-chaakapesh-fr","tag-collaborations-autochtones","tag-matthew-ricketts-fr","tag-nord-du-quebec","tag-tomson-highway-fr"],"acf":[],"yoast_head":"<!-- This site is optimized with the Yoast SEO plugin v27.3 - https:\/\/yoast.com\/product\/yoast-seo-wordpress\/ -->\n<title>Chaakapesh: collaborations, langues et voix - Orchestras Canada\/Orchestres Canada<\/title>\n<meta name=\"robots\" content=\"index, follow, max-snippet:-1, max-image-preview:large, max-video-preview:-1\" \/>\n<link rel=\"canonical\" href=\"https:\/\/oc.ca\/en\/chaakapesh\/\" \/>\n<meta property=\"og:locale\" content=\"fr_FR\" \/>\n<meta property=\"og:type\" content=\"article\" \/>\n<meta property=\"og:title\" content=\"Chaakapesh: collaborations, langues et voix - Orchestras Canada\/Orchestres Canada\" \/>\n<meta property=\"og:description\" content=\"En septembre 2018, l\u2019Orchestre symphonique de Montr\u00e9al (OSM) et son directeur artistique, Kent Nagano, ont effectu\u00e9 une tourn\u00e9e dans les communaut\u00e9s autochtones du Grand Nord qu\u00e9b\u00e9cois. L\u2019\u0153uvre vedette de cette tourn\u00e9e \u00e9tait un nouvel op\u00e9ra de chambre intitul\u00e9 Chaakapesh, le p\u00e9riple du fripon. L\u2019op\u00e9ra raconte l\u2019histoire de Chaakapesh, un fripon qui se met en t\u00eate [&hellip;]\" \/>\n<meta property=\"og:url\" content=\"https:\/\/oc.ca\/en\/chaakapesh\/\" \/>\n<meta property=\"og:site_name\" content=\"Orchestras Canada\/Orchestres Canada\" \/>\n<meta property=\"article:published_time\" content=\"2020-01-13T19:34:46+00:00\" \/>\n<meta property=\"article:modified_time\" content=\"2020-01-13T20:28:34+00:00\" \/>\n<meta property=\"og:image\" content=\"https:\/\/oc.ca\/wp-content\/uploads\/2020\/01\/OSM-in-concert-750x500-1-300x200.jpg\" \/>\n<meta name=\"author\" content=\"Boran Zaza\" \/>\n<meta name=\"twitter:card\" content=\"summary_large_image\" \/>\n<meta name=\"twitter:label1\" content=\"\u00c9crit par\" \/>\n\t<meta name=\"twitter:data1\" content=\"Boran Zaza\" \/>\n\t<meta name=\"twitter:label2\" content=\"Dur\u00e9e de lecture estim\u00e9e\" \/>\n\t<meta name=\"twitter:data2\" content=\"6 minutes\" \/>\n<script type=\"application\/ld+json\" class=\"yoast-schema-graph\">{\"@context\":\"https:\\\/\\\/schema.org\",\"@graph\":[{\"@type\":\"Article\",\"@id\":\"https:\\\/\\\/oc.ca\\\/en\\\/chaakapesh\\\/#article\",\"isPartOf\":{\"@id\":\"https:\\\/\\\/oc.ca\\\/en\\\/chaakapesh\\\/\"},\"author\":{\"name\":\"Boran Zaza\",\"@id\":\"https:\\\/\\\/oc.ca\\\/en\\\/#\\\/schema\\\/person\\\/7796a50335e35c17d46b21fce90bda6a\"},\"headline\":\"Chaakapesh: collaborations, langues et voix\",\"datePublished\":\"2020-01-13T19:34:46+00:00\",\"dateModified\":\"2020-01-13T20:28:34+00:00\",\"mainEntityOfPage\":{\"@id\":\"https:\\\/\\\/oc.ca\\\/en\\\/chaakapesh\\\/\"},\"wordCount\":1257,\"publisher\":{\"@id\":\"https:\\\/\\\/oc.ca\\\/en\\\/#organization\"},\"image\":{\"@id\":\"https:\\\/\\\/oc.ca\\\/en\\\/chaakapesh\\\/#primaryimage\"},\"thumbnailUrl\":\"https:\\\/\\\/oc.ca\\\/wp-content\\\/uploads\\\/2020\\\/01\\\/OSM-in-concert-750x500-1-300x200.jpg\",\"keywords\":[\"Chaakapesh\",\"Collaborations autochtones\",\"Matthew Ricketts\",\"Nord-du-Qu\u00e9bec\",\"Tomson Highway\"],\"articleSection\":[\"Pleins feux sur nos membres\"],\"inLanguage\":\"fr-FR\"},{\"@type\":\"WebPage\",\"@id\":\"https:\\\/\\\/oc.ca\\\/en\\\/chaakapesh\\\/\",\"url\":\"https:\\\/\\\/oc.ca\\\/en\\\/chaakapesh\\\/\",\"name\":\"Chaakapesh: collaborations, langues et voix - Orchestras Canada\\\/Orchestres Canada\",\"isPartOf\":{\"@id\":\"https:\\\/\\\/oc.ca\\\/en\\\/#website\"},\"primaryImageOfPage\":{\"@id\":\"https:\\\/\\\/oc.ca\\\/en\\\/chaakapesh\\\/#primaryimage\"},\"image\":{\"@id\":\"https:\\\/\\\/oc.ca\\\/en\\\/chaakapesh\\\/#primaryimage\"},\"thumbnailUrl\":\"https:\\\/\\\/oc.ca\\\/wp-content\\\/uploads\\\/2020\\\/01\\\/OSM-in-concert-750x500-1-300x200.jpg\",\"datePublished\":\"2020-01-13T19:34:46+00:00\",\"dateModified\":\"2020-01-13T20:28:34+00:00\",\"breadcrumb\":{\"@id\":\"https:\\\/\\\/oc.ca\\\/en\\\/chaakapesh\\\/#breadcrumb\"},\"inLanguage\":\"fr-FR\",\"potentialAction\":[{\"@type\":\"ReadAction\",\"target\":[\"https:\\\/\\\/oc.ca\\\/en\\\/chaakapesh\\\/\"]}]},{\"@type\":\"ImageObject\",\"inLanguage\":\"fr-FR\",\"@id\":\"https:\\\/\\\/oc.ca\\\/en\\\/chaakapesh\\\/#primaryimage\",\"url\":\"https:\\\/\\\/oc.ca\\\/wp-content\\\/uploads\\\/2020\\\/01\\\/OSM-in-concert-750x500-1-300x200.jpg\",\"contentUrl\":\"https:\\\/\\\/oc.ca\\\/wp-content\\\/uploads\\\/2020\\\/01\\\/OSM-in-concert-750x500-1-300x200.jpg\"},{\"@type\":\"BreadcrumbList\",\"@id\":\"https:\\\/\\\/oc.ca\\\/en\\\/chaakapesh\\\/#breadcrumb\",\"itemListElement\":[{\"@type\":\"ListItem\",\"position\":1,\"name\":\"Home\",\"item\":\"https:\\\/\\\/oc.ca\\\/fr\\\/\"},{\"@type\":\"ListItem\",\"position\":2,\"name\":\"Chaakapesh: collaborations, langues et voix\"}]},{\"@type\":\"WebSite\",\"@id\":\"https:\\\/\\\/oc.ca\\\/en\\\/#website\",\"url\":\"https:\\\/\\\/oc.ca\\\/en\\\/\",\"name\":\"Orchestras Canada\\\/Orchestres Canada\",\"description\":\"\",\"publisher\":{\"@id\":\"https:\\\/\\\/oc.ca\\\/en\\\/#organization\"},\"potentialAction\":[{\"@type\":\"SearchAction\",\"target\":{\"@type\":\"EntryPoint\",\"urlTemplate\":\"https:\\\/\\\/oc.ca\\\/en\\\/?s={search_term_string}\"},\"query-input\":{\"@type\":\"PropertyValueSpecification\",\"valueRequired\":true,\"valueName\":\"search_term_string\"}}],\"inLanguage\":\"fr-FR\"},{\"@type\":\"Organization\",\"@id\":\"https:\\\/\\\/oc.ca\\\/en\\\/#organization\",\"name\":\"Orchestras Canada\\\/Orchestres Canada\",\"url\":\"https:\\\/\\\/oc.ca\\\/en\\\/\",\"logo\":{\"@type\":\"ImageObject\",\"inLanguage\":\"fr-FR\",\"@id\":\"https:\\\/\\\/oc.ca\\\/en\\\/#\\\/schema\\\/logo\\\/image\\\/\",\"url\":\"https:\\\/\\\/oc.ca\\\/wp-content\\\/uploads\\\/2019\\\/03\\\/cropped-OC-Logo-800x200-1.png\",\"contentUrl\":\"https:\\\/\\\/oc.ca\\\/wp-content\\\/uploads\\\/2019\\\/03\\\/cropped-OC-Logo-800x200-1.png\",\"width\":400,\"height\":100,\"caption\":\"Orchestras Canada\\\/Orchestres Canada\"},\"image\":{\"@id\":\"https:\\\/\\\/oc.ca\\\/en\\\/#\\\/schema\\\/logo\\\/image\\\/\"}},{\"@type\":\"Person\",\"@id\":\"https:\\\/\\\/oc.ca\\\/en\\\/#\\\/schema\\\/person\\\/7796a50335e35c17d46b21fce90bda6a\",\"name\":\"Boran Zaza\",\"image\":{\"@type\":\"ImageObject\",\"inLanguage\":\"fr-FR\",\"@id\":\"https:\\\/\\\/secure.gravatar.com\\\/avatar\\\/56b5fa935f2a6deb56743eedfecce8f25a520084588141457887d2c9648c9c08?s=96&d=mm&r=g\",\"url\":\"https:\\\/\\\/secure.gravatar.com\\\/avatar\\\/56b5fa935f2a6deb56743eedfecce8f25a520084588141457887d2c9648c9c08?s=96&d=mm&r=g\",\"contentUrl\":\"https:\\\/\\\/secure.gravatar.com\\\/avatar\\\/56b5fa935f2a6deb56743eedfecce8f25a520084588141457887d2c9648c9c08?s=96&d=mm&r=g\",\"caption\":\"Boran Zaza\"},\"url\":\"https:\\\/\\\/oc.ca\\\/fr\\\/author\\\/boranzaza\\\/\"}]}<\/script>\n<!-- \/ Yoast SEO plugin. -->","yoast_head_json":{"title":"Chaakapesh: collaborations, langues et voix - Orchestras Canada\/Orchestres Canada","robots":{"index":"index","follow":"follow","max-snippet":"max-snippet:-1","max-image-preview":"max-image-preview:large","max-video-preview":"max-video-preview:-1"},"canonical":"https:\/\/oc.ca\/en\/chaakapesh\/","og_locale":"fr_FR","og_type":"article","og_title":"Chaakapesh: collaborations, langues et voix - Orchestras Canada\/Orchestres Canada","og_description":"En septembre 2018, l\u2019Orchestre symphonique de Montr\u00e9al (OSM) et son directeur artistique, Kent Nagano, ont effectu\u00e9 une tourn\u00e9e dans les communaut\u00e9s autochtones du Grand Nord qu\u00e9b\u00e9cois. L\u2019\u0153uvre vedette de cette tourn\u00e9e \u00e9tait un nouvel op\u00e9ra de chambre intitul\u00e9 Chaakapesh, le p\u00e9riple du fripon. L\u2019op\u00e9ra raconte l\u2019histoire de Chaakapesh, un fripon qui se met en t\u00eate [&hellip;]","og_url":"https:\/\/oc.ca\/en\/chaakapesh\/","og_site_name":"Orchestras Canada\/Orchestres Canada","article_published_time":"2020-01-13T19:34:46+00:00","article_modified_time":"2020-01-13T20:28:34+00:00","og_image":[{"url":"https:\/\/oc.ca\/wp-content\/uploads\/2020\/01\/OSM-in-concert-750x500-1-300x200.jpg","type":"","width":"","height":""}],"author":"Boran Zaza","twitter_card":"summary_large_image","twitter_misc":{"\u00c9crit par":"Boran Zaza","Dur\u00e9e de lecture estim\u00e9e":"6 minutes"},"schema":{"@context":"https:\/\/schema.org","@graph":[{"@type":"Article","@id":"https:\/\/oc.ca\/en\/chaakapesh\/#article","isPartOf":{"@id":"https:\/\/oc.ca\/en\/chaakapesh\/"},"author":{"name":"Boran Zaza","@id":"https:\/\/oc.ca\/en\/#\/schema\/person\/7796a50335e35c17d46b21fce90bda6a"},"headline":"Chaakapesh: collaborations, langues et voix","datePublished":"2020-01-13T19:34:46+00:00","dateModified":"2020-01-13T20:28:34+00:00","mainEntityOfPage":{"@id":"https:\/\/oc.ca\/en\/chaakapesh\/"},"wordCount":1257,"publisher":{"@id":"https:\/\/oc.ca\/en\/#organization"},"image":{"@id":"https:\/\/oc.ca\/en\/chaakapesh\/#primaryimage"},"thumbnailUrl":"https:\/\/oc.ca\/wp-content\/uploads\/2020\/01\/OSM-in-concert-750x500-1-300x200.jpg","keywords":["Chaakapesh","Collaborations autochtones","Matthew Ricketts","Nord-du-Qu\u00e9bec","Tomson Highway"],"articleSection":["Pleins feux sur nos membres"],"inLanguage":"fr-FR"},{"@type":"WebPage","@id":"https:\/\/oc.ca\/en\/chaakapesh\/","url":"https:\/\/oc.ca\/en\/chaakapesh\/","name":"Chaakapesh: collaborations, langues et voix - Orchestras Canada\/Orchestres Canada","isPartOf":{"@id":"https:\/\/oc.ca\/en\/#website"},"primaryImageOfPage":{"@id":"https:\/\/oc.ca\/en\/chaakapesh\/#primaryimage"},"image":{"@id":"https:\/\/oc.ca\/en\/chaakapesh\/#primaryimage"},"thumbnailUrl":"https:\/\/oc.ca\/wp-content\/uploads\/2020\/01\/OSM-in-concert-750x500-1-300x200.jpg","datePublished":"2020-01-13T19:34:46+00:00","dateModified":"2020-01-13T20:28:34+00:00","breadcrumb":{"@id":"https:\/\/oc.ca\/en\/chaakapesh\/#breadcrumb"},"inLanguage":"fr-FR","potentialAction":[{"@type":"ReadAction","target":["https:\/\/oc.ca\/en\/chaakapesh\/"]}]},{"@type":"ImageObject","inLanguage":"fr-FR","@id":"https:\/\/oc.ca\/en\/chaakapesh\/#primaryimage","url":"https:\/\/oc.ca\/wp-content\/uploads\/2020\/01\/OSM-in-concert-750x500-1-300x200.jpg","contentUrl":"https:\/\/oc.ca\/wp-content\/uploads\/2020\/01\/OSM-in-concert-750x500-1-300x200.jpg"},{"@type":"BreadcrumbList","@id":"https:\/\/oc.ca\/en\/chaakapesh\/#breadcrumb","itemListElement":[{"@type":"ListItem","position":1,"name":"Home","item":"https:\/\/oc.ca\/fr\/"},{"@type":"ListItem","position":2,"name":"Chaakapesh: collaborations, langues et voix"}]},{"@type":"WebSite","@id":"https:\/\/oc.ca\/en\/#website","url":"https:\/\/oc.ca\/en\/","name":"Orchestras Canada\/Orchestres Canada","description":"","publisher":{"@id":"https:\/\/oc.ca\/en\/#organization"},"potentialAction":[{"@type":"SearchAction","target":{"@type":"EntryPoint","urlTemplate":"https:\/\/oc.ca\/en\/?s={search_term_string}"},"query-input":{"@type":"PropertyValueSpecification","valueRequired":true,"valueName":"search_term_string"}}],"inLanguage":"fr-FR"},{"@type":"Organization","@id":"https:\/\/oc.ca\/en\/#organization","name":"Orchestras Canada\/Orchestres Canada","url":"https:\/\/oc.ca\/en\/","logo":{"@type":"ImageObject","inLanguage":"fr-FR","@id":"https:\/\/oc.ca\/en\/#\/schema\/logo\/image\/","url":"https:\/\/oc.ca\/wp-content\/uploads\/2019\/03\/cropped-OC-Logo-800x200-1.png","contentUrl":"https:\/\/oc.ca\/wp-content\/uploads\/2019\/03\/cropped-OC-Logo-800x200-1.png","width":400,"height":100,"caption":"Orchestras Canada\/Orchestres Canada"},"image":{"@id":"https:\/\/oc.ca\/en\/#\/schema\/logo\/image\/"}},{"@type":"Person","@id":"https:\/\/oc.ca\/en\/#\/schema\/person\/7796a50335e35c17d46b21fce90bda6a","name":"Boran Zaza","image":{"@type":"ImageObject","inLanguage":"fr-FR","@id":"https:\/\/secure.gravatar.com\/avatar\/56b5fa935f2a6deb56743eedfecce8f25a520084588141457887d2c9648c9c08?s=96&d=mm&r=g","url":"https:\/\/secure.gravatar.com\/avatar\/56b5fa935f2a6deb56743eedfecce8f25a520084588141457887d2c9648c9c08?s=96&d=mm&r=g","contentUrl":"https:\/\/secure.gravatar.com\/avatar\/56b5fa935f2a6deb56743eedfecce8f25a520084588141457887d2c9648c9c08?s=96&d=mm&r=g","caption":"Boran Zaza"},"url":"https:\/\/oc.ca\/fr\/author\/boranzaza\/"}]}},"_links":{"self":[{"href":"https:\/\/oc.ca\/fr\/wp-json\/wp\/v2\/posts\/5459","targetHints":{"allow":["GET"]}}],"collection":[{"href":"https:\/\/oc.ca\/fr\/wp-json\/wp\/v2\/posts"}],"about":[{"href":"https:\/\/oc.ca\/fr\/wp-json\/wp\/v2\/types\/post"}],"author":[{"embeddable":true,"href":"https:\/\/oc.ca\/fr\/wp-json\/wp\/v2\/users\/10"}],"replies":[{"embeddable":true,"href":"https:\/\/oc.ca\/fr\/wp-json\/wp\/v2\/comments?post=5459"}],"version-history":[{"count":3,"href":"https:\/\/oc.ca\/fr\/wp-json\/wp\/v2\/posts\/5459\/revisions"}],"predecessor-version":[{"id":5468,"href":"https:\/\/oc.ca\/fr\/wp-json\/wp\/v2\/posts\/5459\/revisions\/5468"}],"wp:attachment":[{"href":"https:\/\/oc.ca\/fr\/wp-json\/wp\/v2\/media?parent=5459"}],"wp:term":[{"taxonomy":"category","embeddable":true,"href":"https:\/\/oc.ca\/fr\/wp-json\/wp\/v2\/categories?post=5459"},{"taxonomy":"post_tag","embeddable":true,"href":"https:\/\/oc.ca\/fr\/wp-json\/wp\/v2\/tags?post=5459"}],"curies":[{"name":"wp","href":"https:\/\/api.w.org\/{rel}","templated":true}]}}