{"id":2347,"date":"2019-02-03T16:24:38","date_gmt":"2019-02-03T16:24:38","guid":{"rendered":"http:\/\/demosite2.asurtec.com\/?p=2347"},"modified":"2019-07-31T15:06:50","modified_gmt":"2019-07-31T19:06:50","slug":"candidature-betty-webster","status":"publish","type":"post","link":"https:\/\/oc.ca\/fr\/candidature-betty-webster\/","title":{"rendered":"Le Prix Betty-Webster 2019"},"content":{"rendered":"<p><img fetchpriority=\"high\" decoding=\"async\" class=\"size-medium wp-image-2343 alignright\" src=\"\/wp-content\/uploads\/2019\/02\/Betty-Webster-Speech-300x200.jpg\" alt=\"\" width=\"300\" height=\"200\" \/><\/p>\n<p>Orchestres Canada vient de lancer son appel de candidature pour le <a href=\"\/fr\/betty-webster\/\">prix annuel Betty-Webster<\/a>, notre mani\u00e8re de reconna\u00eetre les contributions exceptionnelles \u00e0 la communaut\u00e9 des orchestres canadiens. Ce prix annuel c\u00e9l\u00e8bre ceux ayant laiss\u00e9 leur marque ind\u00e9l\u00e9bile aupr\u00e8s des orchestres canadiens et nous donne l\u2019occasion de souligner les r\u00e9alisations de nos coll\u00e8gues. Le\u00a0<strong>Prix Betty-Webster <\/strong>a \u00e9t\u00e9 cr\u00e9\u00e9 en 2002, en l\u2019honneur de la fondatrice et chef de la direction d\u2019Orchestres Canada, et rend hommage aux nombreuses ann\u00e9es de service de\u00a0<strong>Betty Webster<\/strong>\u00a0et \u00e0 ses extraordinaires contributions \u00e0 la vitalit\u00e9 et au dynamisme du milieu orchestral du Canada, en particulier dans les domaines du leadership, de l\u2019\u00e9ducation et du b\u00e9n\u00e9volat. <a href=\"\/fr\/betty-webster\/\">Cliquez ici pour plus de renseignements sur le processus de nomination.<\/a><\/p>\n","protected":false},"excerpt":{"rendered":"<p>Orchestres Canada vient de lancer son appel de candidature pour le prix annuel Betty-Webster, notre mani\u00e8re de reconna\u00eetre les contributions exceptionnelles \u00e0 la communaut\u00e9 des orchestres canadiens. Ce prix annuel c\u00e9l\u00e8bre ceux ayant laiss\u00e9 leur marque ind\u00e9l\u00e9bile aupr\u00e8s des orchestres canadiens et nous donne l\u2019occasion de souligner les r\u00e9alisations de nos coll\u00e8gues. Le\u00a0Prix Betty-Webster a [&hellip;]<\/p>\n","protected":false},"author":10,"featured_media":0,"comment_status":"closed","ping_status":"closed","sticky":false,"template":"","format":"standard","meta":{"_acf_changed":false,"_monsterinsights_skip_tracking":false,"_monsterinsights_sitenote_active":false,"_monsterinsights_sitenote_note":"","_monsterinsights_sitenote_category":0,"footnotes":""},"categories":[246],"tags":[366],"class_list":["post-2347","post","type-post","status-publish","format-standard","hentry","category-prix-betty-webster","tag-betty-webster-fr"],"acf":[],"yoast_head":"<!-- This site is optimized with the Yoast SEO plugin v27.3 - https:\/\/yoast.com\/product\/yoast-seo-wordpress\/ -->\n<title>Le Prix Betty-Webster 2019 - Orchestras Canada\/Orchestres Canada<\/title>\n<meta name=\"robots\" content=\"index, follow, max-snippet:-1, max-image-preview:large, max-video-preview:-1\" \/>\n<link rel=\"canonical\" href=\"https:\/\/oc.ca\/en\/nominations-betty-webster\/\" \/>\n<meta property=\"og:locale\" content=\"fr_FR\" \/>\n<meta property=\"og:type\" content=\"article\" \/>\n<meta property=\"og:title\" content=\"Le Prix Betty-Webster 2019 - Orchestras Canada\/Orchestres Canada\" \/>\n<meta property=\"og:description\" content=\"Orchestres Canada vient de lancer son appel de candidature pour le prix annuel Betty-Webster, notre mani\u00e8re de reconna\u00eetre les contributions exceptionnelles \u00e0 la communaut\u00e9 des orchestres canadiens. Ce prix annuel c\u00e9l\u00e8bre ceux ayant laiss\u00e9 leur marque ind\u00e9l\u00e9bile aupr\u00e8s des orchestres canadiens et nous donne l\u2019occasion de souligner les r\u00e9alisations de nos coll\u00e8gues. Le\u00a0Prix Betty-Webster a [&hellip;]\" \/>\n<meta property=\"og:url\" content=\"https:\/\/oc.ca\/en\/nominations-betty-webster\/\" \/>\n<meta property=\"og:site_name\" content=\"Orchestras Canada\/Orchestres Canada\" \/>\n<meta property=\"article:published_time\" content=\"2019-02-03T16:24:38+00:00\" \/>\n<meta property=\"article:modified_time\" content=\"2019-07-31T19:06:50+00:00\" \/>\n<meta name=\"author\" content=\"Boran Zaza\" \/>\n<meta name=\"twitter:card\" content=\"summary_large_image\" \/>\n<meta name=\"twitter:label1\" content=\"\u00c9crit par\" \/>\n\t<meta name=\"twitter:data1\" content=\"Boran Zaza\" \/>\n\t<meta name=\"twitter:label2\" content=\"Dur\u00e9e de lecture estim\u00e9e\" \/>\n\t<meta name=\"twitter:data2\" content=\"1 minute\" \/>\n<script type=\"application\/ld+json\" class=\"yoast-schema-graph\">{\"@context\":\"https:\\\/\\\/schema.org\",\"@graph\":[{\"@type\":\"Article\",\"@id\":\"https:\\\/\\\/oc.ca\\\/en\\\/nominations-betty-webster\\\/#article\",\"isPartOf\":{\"@id\":\"https:\\\/\\\/oc.ca\\\/en\\\/nominations-betty-webster\\\/\"},\"author\":{\"name\":\"Boran Zaza\",\"@id\":\"https:\\\/\\\/oc.ca\\\/en\\\/#\\\/schema\\\/person\\\/7796a50335e35c17d46b21fce90bda6a\"},\"headline\":\"Le Prix Betty-Webster 2019\",\"datePublished\":\"2019-02-03T16:24:38+00:00\",\"dateModified\":\"2019-07-31T19:06:50+00:00\",\"mainEntityOfPage\":{\"@id\":\"https:\\\/\\\/oc.ca\\\/en\\\/nominations-betty-webster\\\/\"},\"wordCount\":137,\"publisher\":{\"@id\":\"https:\\\/\\\/oc.ca\\\/en\\\/#organization\"},\"keywords\":[\"Betty Webster\"],\"articleSection\":[\"Prix Betty Webster\"],\"inLanguage\":\"fr-FR\"},{\"@type\":\"WebPage\",\"@id\":\"https:\\\/\\\/oc.ca\\\/en\\\/nominations-betty-webster\\\/\",\"url\":\"https:\\\/\\\/oc.ca\\\/en\\\/nominations-betty-webster\\\/\",\"name\":\"Le Prix Betty-Webster 2019 - Orchestras Canada\\\/Orchestres Canada\",\"isPartOf\":{\"@id\":\"https:\\\/\\\/oc.ca\\\/en\\\/#website\"},\"datePublished\":\"2019-02-03T16:24:38+00:00\",\"dateModified\":\"2019-07-31T19:06:50+00:00\",\"breadcrumb\":{\"@id\":\"https:\\\/\\\/oc.ca\\\/en\\\/nominations-betty-webster\\\/#breadcrumb\"},\"inLanguage\":\"fr-FR\",\"potentialAction\":[{\"@type\":\"ReadAction\",\"target\":[\"https:\\\/\\\/oc.ca\\\/en\\\/nominations-betty-webster\\\/\"]}]},{\"@type\":\"BreadcrumbList\",\"@id\":\"https:\\\/\\\/oc.ca\\\/en\\\/nominations-betty-webster\\\/#breadcrumb\",\"itemListElement\":[{\"@type\":\"ListItem\",\"position\":1,\"name\":\"Home\",\"item\":\"https:\\\/\\\/oc.ca\\\/fr\\\/\"},{\"@type\":\"ListItem\",\"position\":2,\"name\":\"Le Prix Betty-Webster 2019\"}]},{\"@type\":\"WebSite\",\"@id\":\"https:\\\/\\\/oc.ca\\\/en\\\/#website\",\"url\":\"https:\\\/\\\/oc.ca\\\/en\\\/\",\"name\":\"Orchestras Canada\\\/Orchestres Canada\",\"description\":\"\",\"publisher\":{\"@id\":\"https:\\\/\\\/oc.ca\\\/en\\\/#organization\"},\"potentialAction\":[{\"@type\":\"SearchAction\",\"target\":{\"@type\":\"EntryPoint\",\"urlTemplate\":\"https:\\\/\\\/oc.ca\\\/en\\\/?s={search_term_string}\"},\"query-input\":{\"@type\":\"PropertyValueSpecification\",\"valueRequired\":true,\"valueName\":\"search_term_string\"}}],\"inLanguage\":\"fr-FR\"},{\"@type\":\"Organization\",\"@id\":\"https:\\\/\\\/oc.ca\\\/en\\\/#organization\",\"name\":\"Orchestras Canada\\\/Orchestres Canada\",\"url\":\"https:\\\/\\\/oc.ca\\\/en\\\/\",\"logo\":{\"@type\":\"ImageObject\",\"inLanguage\":\"fr-FR\",\"@id\":\"https:\\\/\\\/oc.ca\\\/en\\\/#\\\/schema\\\/logo\\\/image\\\/\",\"url\":\"https:\\\/\\\/oc.ca\\\/wp-content\\\/uploads\\\/2019\\\/03\\\/cropped-OC-Logo-800x200-1.png\",\"contentUrl\":\"https:\\\/\\\/oc.ca\\\/wp-content\\\/uploads\\\/2019\\\/03\\\/cropped-OC-Logo-800x200-1.png\",\"width\":400,\"height\":100,\"caption\":\"Orchestras Canada\\\/Orchestres Canada\"},\"image\":{\"@id\":\"https:\\\/\\\/oc.ca\\\/en\\\/#\\\/schema\\\/logo\\\/image\\\/\"}},{\"@type\":\"Person\",\"@id\":\"https:\\\/\\\/oc.ca\\\/en\\\/#\\\/schema\\\/person\\\/7796a50335e35c17d46b21fce90bda6a\",\"name\":\"Boran Zaza\",\"image\":{\"@type\":\"ImageObject\",\"inLanguage\":\"fr-FR\",\"@id\":\"https:\\\/\\\/secure.gravatar.com\\\/avatar\\\/56b5fa935f2a6deb56743eedfecce8f25a520084588141457887d2c9648c9c08?s=96&d=mm&r=g\",\"url\":\"https:\\\/\\\/secure.gravatar.com\\\/avatar\\\/56b5fa935f2a6deb56743eedfecce8f25a520084588141457887d2c9648c9c08?s=96&d=mm&r=g\",\"contentUrl\":\"https:\\\/\\\/secure.gravatar.com\\\/avatar\\\/56b5fa935f2a6deb56743eedfecce8f25a520084588141457887d2c9648c9c08?s=96&d=mm&r=g\",\"caption\":\"Boran Zaza\"},\"url\":\"https:\\\/\\\/oc.ca\\\/fr\\\/author\\\/boranzaza\\\/\"}]}<\/script>\n<!-- \/ Yoast SEO plugin. -->","yoast_head_json":{"title":"Le Prix Betty-Webster 2019 - Orchestras Canada\/Orchestres Canada","robots":{"index":"index","follow":"follow","max-snippet":"max-snippet:-1","max-image-preview":"max-image-preview:large","max-video-preview":"max-video-preview:-1"},"canonical":"https:\/\/oc.ca\/en\/nominations-betty-webster\/","og_locale":"fr_FR","og_type":"article","og_title":"Le Prix Betty-Webster 2019 - Orchestras Canada\/Orchestres Canada","og_description":"Orchestres Canada vient de lancer son appel de candidature pour le prix annuel Betty-Webster, notre mani\u00e8re de reconna\u00eetre les contributions exceptionnelles \u00e0 la communaut\u00e9 des orchestres canadiens. Ce prix annuel c\u00e9l\u00e8bre ceux ayant laiss\u00e9 leur marque ind\u00e9l\u00e9bile aupr\u00e8s des orchestres canadiens et nous donne l\u2019occasion de souligner les r\u00e9alisations de nos coll\u00e8gues. Le\u00a0Prix Betty-Webster a [&hellip;]","og_url":"https:\/\/oc.ca\/en\/nominations-betty-webster\/","og_site_name":"Orchestras Canada\/Orchestres Canada","article_published_time":"2019-02-03T16:24:38+00:00","article_modified_time":"2019-07-31T19:06:50+00:00","author":"Boran Zaza","twitter_card":"summary_large_image","twitter_misc":{"\u00c9crit par":"Boran Zaza","Dur\u00e9e de lecture estim\u00e9e":"1 minute"},"schema":{"@context":"https:\/\/schema.org","@graph":[{"@type":"Article","@id":"https:\/\/oc.ca\/en\/nominations-betty-webster\/#article","isPartOf":{"@id":"https:\/\/oc.ca\/en\/nominations-betty-webster\/"},"author":{"name":"Boran Zaza","@id":"https:\/\/oc.ca\/en\/#\/schema\/person\/7796a50335e35c17d46b21fce90bda6a"},"headline":"Le Prix Betty-Webster 2019","datePublished":"2019-02-03T16:24:38+00:00","dateModified":"2019-07-31T19:06:50+00:00","mainEntityOfPage":{"@id":"https:\/\/oc.ca\/en\/nominations-betty-webster\/"},"wordCount":137,"publisher":{"@id":"https:\/\/oc.ca\/en\/#organization"},"keywords":["Betty Webster"],"articleSection":["Prix Betty Webster"],"inLanguage":"fr-FR"},{"@type":"WebPage","@id":"https:\/\/oc.ca\/en\/nominations-betty-webster\/","url":"https:\/\/oc.ca\/en\/nominations-betty-webster\/","name":"Le Prix Betty-Webster 2019 - Orchestras Canada\/Orchestres Canada","isPartOf":{"@id":"https:\/\/oc.ca\/en\/#website"},"datePublished":"2019-02-03T16:24:38+00:00","dateModified":"2019-07-31T19:06:50+00:00","breadcrumb":{"@id":"https:\/\/oc.ca\/en\/nominations-betty-webster\/#breadcrumb"},"inLanguage":"fr-FR","potentialAction":[{"@type":"ReadAction","target":["https:\/\/oc.ca\/en\/nominations-betty-webster\/"]}]},{"@type":"BreadcrumbList","@id":"https:\/\/oc.ca\/en\/nominations-betty-webster\/#breadcrumb","itemListElement":[{"@type":"ListItem","position":1,"name":"Home","item":"https:\/\/oc.ca\/fr\/"},{"@type":"ListItem","position":2,"name":"Le Prix Betty-Webster 2019"}]},{"@type":"WebSite","@id":"https:\/\/oc.ca\/en\/#website","url":"https:\/\/oc.ca\/en\/","name":"Orchestras Canada\/Orchestres Canada","description":"","publisher":{"@id":"https:\/\/oc.ca\/en\/#organization"},"potentialAction":[{"@type":"SearchAction","target":{"@type":"EntryPoint","urlTemplate":"https:\/\/oc.ca\/en\/?s={search_term_string}"},"query-input":{"@type":"PropertyValueSpecification","valueRequired":true,"valueName":"search_term_string"}}],"inLanguage":"fr-FR"},{"@type":"Organization","@id":"https:\/\/oc.ca\/en\/#organization","name":"Orchestras Canada\/Orchestres Canada","url":"https:\/\/oc.ca\/en\/","logo":{"@type":"ImageObject","inLanguage":"fr-FR","@id":"https:\/\/oc.ca\/en\/#\/schema\/logo\/image\/","url":"https:\/\/oc.ca\/wp-content\/uploads\/2019\/03\/cropped-OC-Logo-800x200-1.png","contentUrl":"https:\/\/oc.ca\/wp-content\/uploads\/2019\/03\/cropped-OC-Logo-800x200-1.png","width":400,"height":100,"caption":"Orchestras Canada\/Orchestres Canada"},"image":{"@id":"https:\/\/oc.ca\/en\/#\/schema\/logo\/image\/"}},{"@type":"Person","@id":"https:\/\/oc.ca\/en\/#\/schema\/person\/7796a50335e35c17d46b21fce90bda6a","name":"Boran Zaza","image":{"@type":"ImageObject","inLanguage":"fr-FR","@id":"https:\/\/secure.gravatar.com\/avatar\/56b5fa935f2a6deb56743eedfecce8f25a520084588141457887d2c9648c9c08?s=96&d=mm&r=g","url":"https:\/\/secure.gravatar.com\/avatar\/56b5fa935f2a6deb56743eedfecce8f25a520084588141457887d2c9648c9c08?s=96&d=mm&r=g","contentUrl":"https:\/\/secure.gravatar.com\/avatar\/56b5fa935f2a6deb56743eedfecce8f25a520084588141457887d2c9648c9c08?s=96&d=mm&r=g","caption":"Boran Zaza"},"url":"https:\/\/oc.ca\/fr\/author\/boranzaza\/"}]}},"_links":{"self":[{"href":"https:\/\/oc.ca\/fr\/wp-json\/wp\/v2\/posts\/2347","targetHints":{"allow":["GET"]}}],"collection":[{"href":"https:\/\/oc.ca\/fr\/wp-json\/wp\/v2\/posts"}],"about":[{"href":"https:\/\/oc.ca\/fr\/wp-json\/wp\/v2\/types\/post"}],"author":[{"embeddable":true,"href":"https:\/\/oc.ca\/fr\/wp-json\/wp\/v2\/users\/10"}],"replies":[{"embeddable":true,"href":"https:\/\/oc.ca\/fr\/wp-json\/wp\/v2\/comments?post=2347"}],"version-history":[{"count":3,"href":"https:\/\/oc.ca\/fr\/wp-json\/wp\/v2\/posts\/2347\/revisions"}],"predecessor-version":[{"id":4804,"href":"https:\/\/oc.ca\/fr\/wp-json\/wp\/v2\/posts\/2347\/revisions\/4804"}],"wp:attachment":[{"href":"https:\/\/oc.ca\/fr\/wp-json\/wp\/v2\/media?parent=2347"}],"wp:term":[{"taxonomy":"category","embeddable":true,"href":"https:\/\/oc.ca\/fr\/wp-json\/wp\/v2\/categories?post=2347"},{"taxonomy":"post_tag","embeddable":true,"href":"https:\/\/oc.ca\/fr\/wp-json\/wp\/v2\/tags?post=2347"}],"curies":[{"name":"wp","href":"https:\/\/api.w.org\/{rel}","templated":true}]}}